{"id":362,"date":"2023-11-20T15:03:33","date_gmt":"2023-11-20T14:03:33","guid":{"rendered":"https:\/\/careorg.eu\/?p=362"},"modified":"2024-11-05T08:45:49","modified_gmt":"2024-11-05T07:45:49","slug":"sexualni-natlak-ztrata-soukromi-i-nepretrzita-prace-interview-with-petra-ezzeddine-in-kapital-magazin","status":"publish","type":"post","link":"https:\/\/careorg.eu\/de\/sexualni-natlak-ztrata-soukromi-i-nepretrzita-prace-interview-with-petra-ezzeddine-in-kapital-magazin\/","title":{"rendered":"'Sexu\u00e1ln\u00ed n\u00e1tlak, ztr\u00e1ta soukrom\u00ed i nep\u0159etr\u017eit\u00e1 pr\u00e1ce', interview with Petra Ezzeddine in Kapit\u00e1l Magaz\u00edn"},"content":{"rendered":"","protected":false},"excerpt":{"rendered":"","protected":false},"author":6,"featured_media":551,"comment_status":"open","ping_status":"open","sticky":false,"template":"","format":"standard","meta":{"inline_featured_image":false,"footnotes":""},"categories":[5],"tags":[],"class_list":["post-362","post","type-post","status-publish","format-standard","has-post-thumbnail","hentry","category-news"],"acf":[],"_links":{"self":[{"href":"https:\/\/careorg.eu\/de\/wp-json\/wp\/v2\/posts\/362","targetHints":{"allow":["GET"]}}],"collection":[{"href":"https:\/\/careorg.eu\/de\/wp-json\/wp\/v2\/posts"}],"about":[{"href":"https:\/\/careorg.eu\/de\/wp-json\/wp\/v2\/types\/post"}],"author":[{"embeddable":true,"href":"https:\/\/careorg.eu\/de\/wp-json\/wp\/v2\/users\/6"}],"replies":[{"embeddable":true,"href":"https:\/\/careorg.eu\/de\/wp-json\/wp\/v2\/comments?post=362"}],"version-history":[{"count":2,"href":"https:\/\/careorg.eu\/de\/wp-json\/wp\/v2\/posts\/362\/revisions"}],"predecessor-version":[{"id":364,"href":"https:\/\/careorg.eu\/de\/wp-json\/wp\/v2\/posts\/362\/revisions\/364"}],"wp:featuredmedia":[{"embeddable":true,"href":"https:\/\/careorg.eu\/de\/wp-json\/wp\/v2\/media\/551"}],"wp:attachment":[{"href":"https:\/\/careorg.eu\/de\/wp-json\/wp\/v2\/media?parent=362"}],"wp:term":[{"taxonomy":"category","embeddable":true,"href":"https:\/\/careorg.eu\/de\/wp-json\/wp\/v2\/categories?post=362"},{"taxonomy":"post_tag","embeddable":true,"href":"https:\/\/careorg.eu\/de\/wp-json\/wp\/v2\/tags?post=362"}],"curies":[{"name":"wp","href":"https:\/\/api.w.org\/{rel}","templated":true}]}}